{"id":10934,"date":"2026-01-22T10:04:03","date_gmt":"2026-01-22T09:04:03","guid":{"rendered":"https:\/\/jasnatuta.com\/?p=10934"},"modified":"2026-01-28T11:25:17","modified_gmt":"2026-01-28T10:25:17","slug":"messico","status":"publish","type":"post","link":"https:\/\/jasnatuta.com\/it\/messico\/","title":{"rendered":"Messico in Barca a Vela"},"content":{"rendered":"\t\t<div data-elementor-type=\"wp-post\" data-elementor-id=\"10934\" class=\"elementor elementor-10934\" data-elementor-post-type=\"post\">\n\t\t\t\t<div class=\"elementor-element elementor-element-00b1dc8 e-flex e-con-boxed e-con e-parent\" data-id=\"00b1dc8\" data-element_type=\"container\" data-e-type=\"container\">\n\t\t\t\t\t<div class=\"e-con-inner\">\n\t\t\t\t<div class=\"elementor-element elementor-element-d67cd84 elementor-widget elementor-widget-text-editor\" data-id=\"d67cd84\" data-element_type=\"widget\" data-e-type=\"widget\" data-widget_type=\"text-editor.default\">\n\t\t\t\t<div class=\"elementor-widget-container\">\n\t\t\t\t\t\t\t\t\t<p><strong>Quest&#8217;anno aggiungo una nuova destinazione alla mia offerta: il Messico!<\/strong><\/p>\n<p><\/p>\n<p>Ho deciso di portarvi a scoprire il bellissimo e selvaggio Mare di Cortez, dove ho navigato per diversi anni e che porto nel cuore. <\/p>\n<p><\/p>\n<p>PERCHE\u2019 CI ANDIAMO: Perch\u00e9 \u00e8 uno di quegli angoli nascosti del mondo che ti affascina con la sua natura, la sua solitudine e il calore della sua gente. Dove il deserto incontra l\u2019oceano. Ci andiamo perch\u00e9, anche in inverno, il sole messicano scalda bene. Una meta ideale quindi per aggiungere una parentesi di sole e mare al nostro prossimo inverno .   Ho progettato questo viaggio con il desiderio di mostrarvi qualcosa di diverso, qualcosa che non si trova nei cataloghi turistici, ma che per me \u00e8 una delle pi\u00f9 belle destinazioni che io abbia mai visitato.<\/p>\t\t\t\t\t\t\t\t<\/div>\n\t\t\t\t<\/div>\n\t\t\t\t<div class=\"elementor-element elementor-element-8f66ecb elementor-widget elementor-widget-text-editor\" data-id=\"8f66ecb\" data-element_type=\"widget\" data-e-type=\"widget\" data-widget_type=\"text-editor.default\">\n\t\t\t\t<div class=\"elementor-widget-container\">\n\t\t\t\t\t\t\t\t\t<p>Il Mare di Cortez ha molte baie bellissime e una fauna meravigliosa. Passremo le giornate a navigare, nuotare, fare snorkeling e camminare, insomma ci godremo la natura in tutti i modi possibili. Sulle isole non aspettatevi bar sulla spiaggia o vita notturna, perch\u00e9 qui non esiste.   <strong>Questa destinazione \u00e8 un paradiso per gli amanti della pace e della natura.<\/strong><\/p>\t\t\t\t\t\t\t\t<\/div>\n\t\t\t\t<\/div>\n\t\t<div class=\"elementor-element elementor-element-16771a9 e-flex e-con-boxed e-con e-child\" data-id=\"16771a9\" data-element_type=\"container\" data-e-type=\"container\" data-settings=\"{&quot;background_background&quot;:&quot;classic&quot;}\">\n\t\t\t\t\t<div class=\"e-con-inner\">\n\t\t\t\t<div class=\"elementor-element elementor-element-8beb302 elementor-position-left elementor-vertical-align-top elementor-widget elementor-widget-image-box\" data-id=\"8beb302\" data-element_type=\"widget\" data-e-type=\"widget\" data-widget_type=\"image-box.default\">\n\t\t\t\t<div class=\"elementor-widget-container\">\n\t\t\t\t\t<div class=\"elementor-image-box-wrapper\"><figure class=\"elementor-image-box-img\"><img fetchpriority=\"high\" decoding=\"async\" width=\"700\" height=\"933\" src=\"https:\/\/jasnatuta.com\/wp-content\/uploads\/2025\/11\/zmanj-6.jpg\" class=\"attachment-full size-full wp-image-9879\" alt=\"\" srcset=\"https:\/\/jasnatuta.com\/wp-content\/uploads\/2025\/11\/zmanj-6.jpg 700w, https:\/\/jasnatuta.com\/wp-content\/uploads\/2025\/11\/zmanj-6-225x300.jpg 225w, https:\/\/jasnatuta.com\/wp-content\/uploads\/2025\/11\/zmanj-6-200x267.jpg 200w, https:\/\/jasnatuta.com\/wp-content\/uploads\/2025\/11\/zmanj-6-300x400.jpg 300w\" sizes=\"(max-width: 700px) 100vw, 700px\" \/><\/figure><div class=\"elementor-image-box-content\"><h3 class=\"elementor-image-box-title\">Il Mare di Cortez<\/h3><p class=\"elementor-image-box-description\">Il Mare di Cortez (o Golfo di California) \u00e8 simile per dimensioni e forma all\u2019Adriatico e le condizioni di navigazione sono simili: le distanze tra le baie sono relativamente ridotte e il mare \u00e8 calmo (non c\u2019\u00e8 l\u2019onda oceanica).\n\n\nQuesta parte del mondo \u00e8 nota per la sua grande biodiversit\u00e0 : puoi vedere delfini, balene di ogni tipo, leoni marini, mante, razze, squali balena e molto altro ancora. Ci sono molti uccelli e poche barche a vela. Questa baia \u00e8 lontana dalle rotte principali, quindi non ci sono problemi di baie affollate come quelle dei Caraibi o della Croazia.   \n\nIl paesaggio \u00e8 desertico, con cactus e formazioni rocciose rosse che si stagliano meravigliosamente sulle acque turchesi delle baie.<\/p><\/div><\/div>\t\t\t\t<\/div>\n\t\t\t\t<\/div>\n\t\t\t\t\t<\/div>\n\t\t\t\t<\/div>\n\t\t\t\t<div class=\"elementor-element elementor-element-6da81fe elementor-widget elementor-widget-heading\" data-id=\"6da81fe\" data-element_type=\"widget\" data-e-type=\"widget\" data-widget_type=\"heading.default\">\n\t\t\t\t<div class=\"elementor-widget-container\">\n\t\t\t\t\t<h3 class=\"elementor-heading-title elementor-size-default\">Programma<\/h3>\t\t\t\t<\/div>\n\t\t\t\t<\/div>\n\t\t\t\t<div class=\"elementor-element elementor-element-158191e elementor-position-right elementor-vertical-align-top elementor-widget elementor-widget-image-box\" data-id=\"158191e\" data-element_type=\"widget\" data-e-type=\"widget\" data-widget_type=\"image-box.default\">\n\t\t\t\t<div class=\"elementor-widget-container\">\n\t\t\t\t\t<div class=\"elementor-image-box-wrapper\"><figure class=\"elementor-image-box-img\"><img decoding=\"async\" width=\"1000\" height=\"750\" src=\"https:\/\/jasnatuta.com\/wp-content\/uploads\/2025\/11\/LaPaz2-010.jpg\" class=\"attachment-full size-full wp-image-9841\" alt=\"\" srcset=\"https:\/\/jasnatuta.com\/wp-content\/uploads\/2025\/11\/LaPaz2-010.jpg 1000w, https:\/\/jasnatuta.com\/wp-content\/uploads\/2025\/11\/LaPaz2-010-300x225.jpg 300w, https:\/\/jasnatuta.com\/wp-content\/uploads\/2025\/11\/LaPaz2-010-768x576.jpg 768w, https:\/\/jasnatuta.com\/wp-content\/uploads\/2025\/11\/LaPaz2-010-200x150.jpg 200w\" sizes=\"(max-width: 1000px) 100vw, 1000px\" \/><\/figure><div class=\"elementor-image-box-content\"><h2 class=\"elementor-image-box-title\">La Paz<\/h2><p class=\"elementor-image-box-description\">Dopo l\u2019atterraggio a La Paz ci sistemeremo in albergo, per riposarci dopo il lungo volo e iniziare con calma a esplorare La Paz e i suoi dintorni: una citt\u00e0 messicana piacevole e autentica, con una vivace passeggiata sul lungomare.  Nel pomeriggio, si potr\u00e0 fare la prima escursione (facoltativa): nuotare con gli squali balena ( a febbraio) o con i leoni marini (novembre).\n\nSe lo desiderate, il primo giorno potrete scegliere un\u2019attivit\u00e0 alternativa, come un\u2019immersione con i leoni marini, oppure semplicemente passeggiare per le strade messicane e godervi l\u2019atmosfera locale.<br><br><br> <\/p><\/div><\/div>\t\t\t\t<\/div>\n\t\t\t\t<\/div>\n\t\t\t\t<div class=\"elementor-element elementor-element-f052331 elementor-position-right elementor-vertical-align-top elementor-widget elementor-widget-image-box\" data-id=\"f052331\" data-element_type=\"widget\" data-e-type=\"widget\" data-widget_type=\"image-box.default\">\n\t\t\t\t<div class=\"elementor-widget-container\">\n\t\t\t\t\t<div class=\"elementor-image-box-wrapper\"><figure class=\"elementor-image-box-img\"><img decoding=\"async\" width=\"1000\" height=\"703\" src=\"https:\/\/jasnatuta.com\/wp-content\/uploads\/2025\/11\/dive_los_islotes-058.jpg\" class=\"attachment-full size-full wp-image-9838\" alt=\"\" srcset=\"https:\/\/jasnatuta.com\/wp-content\/uploads\/2025\/11\/dive_los_islotes-058.jpg 1000w, https:\/\/jasnatuta.com\/wp-content\/uploads\/2025\/11\/dive_los_islotes-058-300x211.jpg 300w, https:\/\/jasnatuta.com\/wp-content\/uploads\/2025\/11\/dive_los_islotes-058-768x540.jpg 768w, https:\/\/jasnatuta.com\/wp-content\/uploads\/2025\/11\/dive_los_islotes-058-200x141.jpg 200w\" sizes=\"(max-width: 1000px) 100vw, 1000px\" \/><\/figure><div class=\"elementor-image-box-content\"><h2 class=\"elementor-image-box-title\">Leoni marini<\/h2><p class=\"elementor-image-box-description\">Il secondo giorno salperemo dal porto turistico di La Paz per raggiungere il primo ancoraggio.\n\nDurante il tragitto passeremo davanti all'isolotto di Roca Lobos, che ospita una colonia di leoni marini, dove i pi\u00f9 coraggiosi potranno tuffarsi in acqua con loro.<\/p><\/div><\/div>\t\t\t\t<\/div>\n\t\t\t\t<\/div>\n\t\t\t\t<div class=\"elementor-element elementor-element-9b6492f elementor-position-right elementor-vertical-align-top elementor-widget elementor-widget-image-box\" data-id=\"9b6492f\" data-element_type=\"widget\" data-e-type=\"widget\" data-widget_type=\"image-box.default\">\n\t\t\t\t<div class=\"elementor-widget-container\">\n\t\t\t\t\t<div class=\"elementor-image-box-wrapper\"><figure class=\"elementor-image-box-img\"><img loading=\"lazy\" decoding=\"async\" width=\"363\" height=\"242\" src=\"https:\/\/jasnatuta.com\/wp-content\/uploads\/2025\/11\/Immagine1.jpg\" class=\"attachment-full size-full wp-image-9829\" alt=\"\" srcset=\"https:\/\/jasnatuta.com\/wp-content\/uploads\/2025\/11\/Immagine1.jpg 363w, https:\/\/jasnatuta.com\/wp-content\/uploads\/2025\/11\/Immagine1-300x200.jpg 300w, https:\/\/jasnatuta.com\/wp-content\/uploads\/2025\/11\/Immagine1-200x133.jpg 200w\" sizes=\"(max-width: 363px) 100vw, 363px\" \/><\/figure><div class=\"elementor-image-box-content\"><h2 class=\"elementor-image-box-title\">Balandra<\/h2><p class=\"elementor-image-box-description\">La tappa successiva sar\u00e0 la pittoresca Baia Balandra, per un tuffo in mare e le prime foto da sogno della laguna turchese e del famoso \"fungo\" El Hongo, la scultura in pietra simbolo della baia.<\/p><\/div><\/div>\t\t\t\t<\/div>\n\t\t\t\t<\/div>\n\t\t\t\t<div class=\"elementor-element elementor-element-811591d elementor-position-right elementor-vertical-align-top elementor-widget elementor-widget-image-box\" data-id=\"811591d\" data-element_type=\"widget\" data-e-type=\"widget\" data-widget_type=\"image-box.default\">\n\t\t\t\t<div class=\"elementor-widget-container\">\n\t\t\t\t\t<div class=\"elementor-image-box-wrapper\"><figure class=\"elementor-image-box-img\"><img loading=\"lazy\" decoding=\"async\" width=\"1040\" height=\"1234\" src=\"https:\/\/jasnatuta.com\/wp-content\/uploads\/2025\/11\/Screenshot-2025-11-04-075545.png\" class=\"attachment-full size-full wp-image-9849\" alt=\"\" srcset=\"https:\/\/jasnatuta.com\/wp-content\/uploads\/2025\/11\/Screenshot-2025-11-04-075545.png 1040w, https:\/\/jasnatuta.com\/wp-content\/uploads\/2025\/11\/Screenshot-2025-11-04-075545-253x300.png 253w, https:\/\/jasnatuta.com\/wp-content\/uploads\/2025\/11\/Screenshot-2025-11-04-075545-863x1024.png 863w, https:\/\/jasnatuta.com\/wp-content\/uploads\/2025\/11\/Screenshot-2025-11-04-075545-768x911.png 768w, https:\/\/jasnatuta.com\/wp-content\/uploads\/2025\/11\/Screenshot-2025-11-04-075545-200x237.png 200w, https:\/\/jasnatuta.com\/wp-content\/uploads\/2025\/11\/Screenshot-2025-11-04-075545-300x356.png 300w\" sizes=\"(max-width: 1040px) 100vw, 1040px\" \/><\/figure><div class=\"elementor-image-box-content\"><h2 class=\"elementor-image-box-title\">Isla Espiritu Santo<\/h2><p class=\"elementor-image-box-description\">Da l\u00ec navigheremo verso nord fino a Isla Espiritu Santo, che per via della sua bellezza \u00e8 diventata un parco marino protetto.\n\nQuest'isola \u00e8 costellata da molte baie meravigliose in cui potresti trascorrere giorni interi, ognuna con il suo colore, il suo silenzio e la sua storia. Avremo la possibilit\u00e0 di fare snorkeling tra i pesci dai colori vivaci, di camminare tra i cactus e di pagaiare sotto le imponenti rocce arancioni. <\/p><\/div><\/div>\t\t\t\t<\/div>\n\t\t\t\t<\/div>\n\t\t\t\t<div class=\"elementor-element elementor-element-a976b0c elementor-position-right elementor-vertical-align-top elementor-widget elementor-widget-image-box\" data-id=\"a976b0c\" data-element_type=\"widget\" data-e-type=\"widget\" data-widget_type=\"image-box.default\">\n\t\t\t\t<div class=\"elementor-widget-container\">\n\t\t\t\t\t<div class=\"elementor-image-box-wrapper\"><figure class=\"elementor-image-box-img\"><img loading=\"lazy\" decoding=\"async\" width=\"2440\" height=\"1830\" src=\"https:\/\/jasnatuta.com\/wp-content\/uploads\/2025\/12\/PXL_20251128_183931096.jpg\" class=\"attachment-full size-full wp-image-9957\" alt=\"\" srcset=\"https:\/\/jasnatuta.com\/wp-content\/uploads\/2025\/12\/PXL_20251128_183931096.jpg 2440w, https:\/\/jasnatuta.com\/wp-content\/uploads\/2025\/12\/PXL_20251128_183931096-300x225.jpg 300w, https:\/\/jasnatuta.com\/wp-content\/uploads\/2025\/12\/PXL_20251128_183931096-1024x768.jpg 1024w, https:\/\/jasnatuta.com\/wp-content\/uploads\/2025\/12\/PXL_20251128_183931096-768x576.jpg 768w, https:\/\/jasnatuta.com\/wp-content\/uploads\/2025\/12\/PXL_20251128_183931096-1536x1152.jpg 1536w, https:\/\/jasnatuta.com\/wp-content\/uploads\/2025\/12\/PXL_20251128_183931096-2048x1536.jpg 2048w, https:\/\/jasnatuta.com\/wp-content\/uploads\/2025\/12\/PXL_20251128_183931096-200x150.jpg 200w\" sizes=\"(max-width: 2440px) 100vw, 2440px\" \/><\/figure><div class=\"elementor-image-box-content\"><h2 class=\"elementor-image-box-title\">Isla San Francisco<\/h2><p class=\"elementor-image-box-description\">Da l\u00ec, continueremo il nostro viaggio verso nord fino all'isola di San Francisco.\n\nL\u00ec faremo un'escursione fino alla cima, da dove potremo godere di una magnifica vista su entrambe le baie. La nostra prossima tappa sar\u00e0 un ancoraggio di fronte al piccolo villaggio di pescatori di San Evaristo per vedere com'\u00e8 la vita nel vero Messico. Si tratta di un villaggio autentico dove il turismo \u00e8 praticamente inesistente, quindi ci sembrer\u00e0 di essere in un'altra epoca.  <\/p><\/div><\/div>\t\t\t\t<\/div>\n\t\t\t\t<\/div>\n\t\t\t\t<div class=\"elementor-element elementor-element-5aff736 elementor-position-right elementor-vertical-align-top elementor-widget elementor-widget-image-box\" data-id=\"5aff736\" data-element_type=\"widget\" data-e-type=\"widget\" data-widget_type=\"image-box.default\">\n\t\t\t\t<div class=\"elementor-widget-container\">\n\t\t\t\t\t<div class=\"elementor-image-box-wrapper\"><figure class=\"elementor-image-box-img\"><img loading=\"lazy\" decoding=\"async\" width=\"1000\" height=\"750\" src=\"https:\/\/jasnatuta.com\/wp-content\/uploads\/2025\/11\/beach-2.jpg\" class=\"attachment-full size-full wp-image-9835\" alt=\"\" srcset=\"https:\/\/jasnatuta.com\/wp-content\/uploads\/2025\/11\/beach-2.jpg 1000w, https:\/\/jasnatuta.com\/wp-content\/uploads\/2025\/11\/beach-2-300x225.jpg 300w, https:\/\/jasnatuta.com\/wp-content\/uploads\/2025\/11\/beach-2-768x576.jpg 768w, https:\/\/jasnatuta.com\/wp-content\/uploads\/2025\/11\/beach-2-200x150.jpg 200w\" sizes=\"(max-width: 1000px) 100vw, 1000px\" \/><\/figure><div class=\"elementor-image-box-content\"><h2 class=\"elementor-image-box-title\">Prua verso sud<\/h2><p class=\"elementor-image-box-description\">Proseguiremo verso sud, scegliendo le soste in base al vento, visitando qualche baia del Parco Espiritu Santo, che ci \u00e8 sfuggita la prima volta.<\/p><\/div><\/div>\t\t\t\t<\/div>\n\t\t\t\t<\/div>\n\t\t<div class=\"elementor-element elementor-element-a63b96a e-con-full e-flex e-con e-child\" data-id=\"a63b96a\" data-element_type=\"container\" data-e-type=\"container\">\n\t\t<div class=\"elementor-element elementor-element-1a4375c e-con-full e-flex e-con e-child\" data-id=\"1a4375c\" data-element_type=\"container\" data-e-type=\"container\" data-settings=\"{&quot;background_background&quot;:&quot;classic&quot;}\">\n\t\t\t\t<div class=\"elementor-element elementor-element-97fe465 elementor-widget elementor-widget-heading\" data-id=\"97fe465\" data-element_type=\"widget\" data-e-type=\"widget\" data-widget_type=\"heading.default\">\n\t\t\t\t<div class=\"elementor-widget-container\">\n\t\t\t\t\t<h3 class=\"elementor-heading-title elementor-size-default\">Date e durata<\/h3>\t\t\t\t<\/div>\n\t\t\t\t<\/div>\n\t\t\t\t<div class=\"elementor-element elementor-element-d42c30b elementor-widget elementor-widget-text-editor\" data-id=\"d42c30b\" data-element_type=\"widget\" data-e-type=\"widget\" data-widget_type=\"text-editor.default\">\n\t\t\t\t<div class=\"elementor-widget-container\">\n\t\t\t\t\t\t\t\t\t<p>Durata: 12 giorni (voli inclusi)<\/p>\n<p>Date:<\/p>\n<ul>\n<li><strong>10. &#8211; 21. Febbraio 2026<\/strong><\/li>\n<li><strong>19. &#8211; 30. Novembre 2026<\/strong><\/li>\n<\/ul>\n<p>Tipo di barca: a seconda del numero di iscrizioni<\/p>\n<p>Equipaggio: da 4 a 6 persone (+Jasna)<\/p>\t\t\t\t\t\t\t\t<\/div>\n\t\t\t\t<\/div>\n\t\t\t\t<\/div>\n\t\t\t\t<div class=\"elementor-element elementor-element-b9fce1f elementor-widget elementor-widget-heading\" data-id=\"b9fce1f\" data-element_type=\"widget\" data-e-type=\"widget\" data-widget_type=\"heading.default\">\n\t\t\t\t<div class=\"elementor-widget-container\">\n\t\t\t\t\t<h3 class=\"elementor-heading-title elementor-size-default\">Attivit\u00e0 aggiuntive<\/h3>\t\t\t\t<\/div>\n\t\t\t\t<\/div>\n\t\t\t\t<div class=\"elementor-element elementor-element-1354e8f elementor-widget elementor-widget-text-editor\" data-id=\"1354e8f\" data-element_type=\"widget\" data-e-type=\"widget\" data-widget_type=\"text-editor.default\">\n\t\t\t\t<div class=\"elementor-widget-container\">\n\t\t\t\t\t\t\t\t\t<p>Navigheremo insieme per 5 giorni prima di trasferirci a terra per due altre grandi avventure.<\/p>\n<p>Innanzitutto, dedicheremo un giorno allo spirito festivo messicano, con il Carnevale (febbraio) e il Giorno della Rivoluzione Messicana (20 novembre), entrambi caratterizzati da una lunga sfilata di maschere sul lungomare da non perdere. <\/p>\n<p>A febbraio ci recheremo alla Baia di Magdalena per vedere da vicino le balene grigie, mentre a novembre faremo un&#8217;escursione al villaggio di Todos Santos o snorkeling al largo di Cabo Pulmos (o entrambi, decideremo in base ai desideri di tutti).<\/p>\n<p>I giorni a terra saranno caratterizzati da buon cibo messicano, cervezas e musica mariachi. <\/p>\n<p><\/p>\n<p>Il programma \u00e8 indicativo e pu\u00f2 essere leggermente modificato. Sono possibili anche regolazioni individuali. <\/p>\t\t\t\t\t\t\t\t<\/div>\n\t\t\t\t<\/div>\n\t\t\t\t<\/div>\n\t\t\t\t<div class=\"elementor-element elementor-element-e477ae9 elementor-widget elementor-widget-text-editor\" data-id=\"e477ae9\" data-element_type=\"widget\" data-e-type=\"widget\" data-widget_type=\"text-editor.default\">\n\t\t\t\t<div class=\"elementor-widget-container\">\n\t\t\t\t\t\t\t\t\t<p>Qui trovate un mio articolo sui leoni marini di La Paz (in inglese):<br><a href=\"https:\/\/www.ourspace.si\/en\/blog\/playful-sea-lions\">https:\/\/www.ourspace.si\/en\/blog\/playful-sea-lions<\/a><strong>   <\/strong><\/p>\t\t\t\t\t\t\t\t<\/div>\n\t\t\t\t<\/div>\n\t\t\t\t<div class=\"elementor-element elementor-element-204947a elementor-widget elementor-widget-heading\" data-id=\"204947a\" data-element_type=\"widget\" data-e-type=\"widget\" data-widget_type=\"heading.default\">\n\t\t\t\t<div class=\"elementor-widget-container\">\n\t\t\t\t\t<h3 class=\"elementor-heading-title elementor-size-default\">Domande frequenti<\/h3>\t\t\t\t<\/div>\n\t\t\t\t<\/div>\n\t\t\t\t<div class=\"elementor-element elementor-element-fa2f227 elementor-widget elementor-widget-text-editor\" data-id=\"fa2f227\" data-element_type=\"widget\" data-e-type=\"widget\" data-widget_type=\"text-editor.default\">\n\t\t\t\t<div class=\"elementor-widget-container\">\n\t\t\t\t\t\t\t\t\t<p><strong>Quanto navigheremo<\/strong>: navigheremo per circa 100 miglia, ovvero circa 4 ore al giorno in media. Naturalmente adatter\u00f2 il programma alle condizioni meteorologiche.  <\/p><p><strong>Prezzo<\/strong>: \u20ac1600 a persona pi\u00f9 \u20ac100 di ingresso al Parco Nazionale Espiritu Santo<\/p><p><strong>Cosa \u00e8 incluso nel prezzo<\/strong>: noleggio dell\u2019imbarcazione con tutti gli extra, assicurazioni e cauzione, skipper, carburante, organizzazione, trasferimento di andata e ritorno dall\u2019aeroporto e tre notti di pernottamento in albergo (a La Paz).<\/p><p><strong>Cosa non \u00e8 incluso<\/strong>: biglietto aereo, cibo ed escursioni aggiuntive (osservazione delle balene circa 100\u20ac a persona, balene grigie circa 150-200\u20ac a persona per un&#8217;escursione di un&#8217;intera giornata).<\/p><p><strong>Volo<\/strong>: da Venezia a La Paz, prezzo circa 1000\u20ac.<\/p><p><strong>Cibo<\/strong>: Faremo la spesa il primo giorno. I pasti saranno preparati insieme, in un\u2019atmosfera rilassata e informale, con la partecipazione di ciascuno secondo le proprie possibilit\u00e0 \u2014 non sono richieste abilit\u00e0 culinarie. Vi prego di comunicarmi eventuali esigenze alimentari particolari, cos\u00ec da poter organizzare al meglio gli acquisti.  <\/p><p><strong>Per domande, prenotazioni o altro, scrivetemi pure!<\/strong><\/p>\t\t\t\t\t\t\t\t<\/div>\n\t\t\t\t<\/div>\n\t\t\t\t\t<\/div>\n\t\t\t\t<\/div>\n\t\t<div class=\"elementor-element elementor-element-75daf2d e-flex e-con-boxed e-con e-parent\" data-id=\"75daf2d\" data-element_type=\"container\" data-e-type=\"container\">\n\t\t\t\t\t<div class=\"e-con-inner\">\n\t\t\t\t<div class=\"elementor-element elementor-element-2105216 elementor-widget elementor-widget-image\" data-id=\"2105216\" data-element_type=\"widget\" data-e-type=\"widget\" data-widget_type=\"image.default\">\n\t\t\t\t<div class=\"elementor-widget-container\">\n\t\t\t\t\t\t\t\t\t\t\t\t\t\t\t<img loading=\"lazy\" decoding=\"async\" width=\"640\" height=\"480\" src=\"https:\/\/jasnatuta.com\/wp-content\/uploads\/2025\/11\/concepcion-031.jpg\" class=\"attachment-large size-large wp-image-9874\" alt=\"viaggio barca a vela in messico\" srcset=\"https:\/\/jasnatuta.com\/wp-content\/uploads\/2025\/11\/concepcion-031.jpg 1000w, https:\/\/jasnatuta.com\/wp-content\/uploads\/2025\/11\/concepcion-031-600x450.jpg 600w\" sizes=\"(max-width: 640px) 100vw, 640px\" \/>\t\t\t\t\t\t\t\t\t\t\t\t\t\t\t<\/div>\n\t\t\t\t<\/div>\n\t\t\t\t\t<\/div>\n\t\t\t\t<\/div>\n\t\t\t\t<\/div>\n\t\t","protected":false},"excerpt":{"rendered":"<p>Quest&#8217;anno aggiungo una nuova destinazione alla mia offerta: il Messico! Ho deciso di portarvi a scoprire il bellissimo e selvaggio Mare di Cortez, dove ho navigato per diversi anni e che porto nel cuore. PERCHE\u2019 CI ANDIAMO: Perch\u00e9 \u00e8 uno di quegli angoli nascosti del mondo che ti affascina con la sua natura, la sua [&hellip;]<\/p>\n","protected":false},"author":1,"featured_media":9874,"comment_status":"closed","ping_status":"closed","sticky":false,"template":"","format":"standard","meta":{"footnotes":""},"categories":[49],"tags":[],"class_list":["post-10934","post","type-post","status-publish","format-standard","has-post-thumbnail","hentry","category-viaggi"],"aioseo_notices":[],"_links":{"self":[{"href":"https:\/\/jasnatuta.com\/it\/wp-json\/wp\/v2\/posts\/10934","targetHints":{"allow":["GET"]}}],"collection":[{"href":"https:\/\/jasnatuta.com\/it\/wp-json\/wp\/v2\/posts"}],"about":[{"href":"https:\/\/jasnatuta.com\/it\/wp-json\/wp\/v2\/types\/post"}],"author":[{"embeddable":true,"href":"https:\/\/jasnatuta.com\/it\/wp-json\/wp\/v2\/users\/1"}],"replies":[{"embeddable":true,"href":"https:\/\/jasnatuta.com\/it\/wp-json\/wp\/v2\/comments?post=10934"}],"version-history":[{"count":5,"href":"https:\/\/jasnatuta.com\/it\/wp-json\/wp\/v2\/posts\/10934\/revisions"}],"predecessor-version":[{"id":11184,"href":"https:\/\/jasnatuta.com\/it\/wp-json\/wp\/v2\/posts\/10934\/revisions\/11184"}],"wp:featuredmedia":[{"embeddable":true,"href":"https:\/\/jasnatuta.com\/it\/wp-json\/wp\/v2\/media\/9874"}],"wp:attachment":[{"href":"https:\/\/jasnatuta.com\/it\/wp-json\/wp\/v2\/media?parent=10934"}],"wp:term":[{"taxonomy":"category","embeddable":true,"href":"https:\/\/jasnatuta.com\/it\/wp-json\/wp\/v2\/categories?post=10934"},{"taxonomy":"post_tag","embeddable":true,"href":"https:\/\/jasnatuta.com\/it\/wp-json\/wp\/v2\/tags?post=10934"}],"curies":[{"name":"wp","href":"https:\/\/api.w.org\/{rel}","templated":true}]}}